{"id":5886,"date":"2021-10-06T12:59:27","date_gmt":"2021-10-06T11:59:27","guid":{"rendered":"http:\/\/www.esjoseafonso.com\/wp\/?p=5886"},"modified":"2021-10-06T13:14:23","modified_gmt":"2021-10-06T12:14:23","slug":"webinar-gis4schools-tecnologia-geoespacial-para-mudancas-climaticas-em-escolas-secundarias","status":"publish","type":"post","link":"https:\/\/www.esjoseafonso.com\/wp\/?p=5886","title":{"rendered":"webinar \u201cGIS4Schools: tecnologia geoespacial para mudan\u00e7as clim\u00e1ticas em escolas secund\u00e1rias\u201d"},"content":{"rendered":"\n<figure class=\"wp-block-image size-large is-style-default\"><a href=\"http:\/\/www.esjoseafonso.com\/wp\/wp-content\/uploads\/2021\/10\/thumbnail_image001_comp.jpg\"><img loading=\"lazy\" width=\"1024\" height=\"576\" src=\"http:\/\/www.esjoseafonso.com\/wp\/wp-content\/uploads\/2021\/10\/thumbnail_image001_comp-1024x576.jpg\" alt=\"\" class=\"wp-image-5891\" srcset=\"https:\/\/www.esjoseafonso.com\/wp\/wp-content\/uploads\/2021\/10\/thumbnail_image001_comp-1024x576.jpg 1024w, https:\/\/www.esjoseafonso.com\/wp\/wp-content\/uploads\/2021\/10\/thumbnail_image001_comp-300x169.jpg 300w, https:\/\/www.esjoseafonso.com\/wp\/wp-content\/uploads\/2021\/10\/thumbnail_image001_comp-768x432.jpg 768w, https:\/\/www.esjoseafonso.com\/wp\/wp-content\/uploads\/2021\/10\/thumbnail_image001_comp-400x225.jpg 400w, https:\/\/www.esjoseafonso.com\/wp\/wp-content\/uploads\/2021\/10\/thumbnail_image001_comp.jpg 1280w\" sizes=\"(max-width: 1024px) 100vw, 1024px\" \/><\/a><figcaption>webinar \u201cGIS4Schools: tecnologia geoespacial para mudan\u00e7as clim\u00e1ticas em escolas secund\u00e1rias\u201d<\/figcaption><\/figure>\n\n\n\n<p>No quadro das celebra\u00e7\u00f5es da Semana Espacial Mundial 2021, a parceira do projeto GIS4Schools, Eurisy, est\u00e1 a organizar o <em>webinar<\/em> \u201cGIS4Schools: tecnologia geoespacial para mudan\u00e7as clim\u00e1ticas em escolas secund\u00e1rias\u201d. O evento acontecer\u00e1 no dia 8 de outubro de 2021, das 14h \u00e0s 16h (hora de Lisboa) e visa favorecer o interc\u00e2mbio sobre a situa\u00e7\u00e3o da aprendizagem STEAM nas escolas secund\u00e1rias, no que concerne o tema das altera\u00e7\u00f5es clim\u00e1ticas e perceber qual o contributo da tecnologia espacial para a compreens\u00e3o dos seus efeitos no ambiente e na sociedade. O evento ir\u00e1 tamb\u00e9m apresentar ao p\u00fablico em geral o projeto GIS4Schools e a sua abordagem inovadora \u00e0s disciplinas STEAM e ao espa\u00e7o nas escolas do ensino secund\u00e1rio, aproveitando o espa\u00e7o como motor e fonte de inspira\u00e7\u00e3o para as gera\u00e7\u00f5es futuras. A confer\u00eancia online pretende apoiar a cria\u00e7\u00e3o de uma ampla comunidade de escolas e profissionais da educa\u00e7\u00e3o, atores espaciais e especialistas em mudan\u00e7as clim\u00e1ticas. Al\u00e9m disso, ser\u00e3o apresentados os aspetos inovadores do projeto GIS4Schools por meio de exemplos pr\u00e1ticos e feedbacks das escolas envolvidas, incluindo a nossa.<\/p>\n\n\n\n<p><strong><u>As inscri\u00e7\u00f5es s\u00e3o gratuitas, mas obrigat\u00f3rias para este evento<\/u>: <\/strong><a href=\"https:\/\/bit.ly\/3AVEEKk\" target=\"_blank\" rel=\"noreferrer noopener\"><strong>Aqui!<\/strong><\/a><\/p>\n\n\n\n<div class=\"wp-block-file\"><a href=\"http:\/\/www.esjoseafonso.com\/wp\/wp-content\/uploads\/2021\/10\/GIS4Schools-agenda.pdf\" target=\"_blank\" rel=\"noreferrer noopener\">Ver agenda<\/a><a href=\"http:\/\/www.esjoseafonso.com\/wp\/wp-content\/uploads\/2021\/10\/GIS4Schools-agenda.pdf\" class=\"wp-block-file__button\" download>Descarregar<\/a><\/div>\n<div class=\"al2fb_like_button\"><script src=\"http:\/\/connect.facebook.net\/pt_PT\/all.js#xfbml=1\"><\/script><fb:like href=\"https:\/\/www.esjoseafonso.com\/wp\/?p=5886\" layout=\"standard\" show_faces=\"true\" width=\"450\" action=\"like\" font=\"arial\" colorscheme=\"light\" ref=\"AL2FB\"><\/fb:like><\/div>","protected":false},"excerpt":{"rendered":"<p>No quadro das celebra\u00e7\u00f5es da Semana Espacial Mundial 2021, a parceira do projeto GIS4Schools, Eurisy, est\u00e1 a organizar o webinar \u201cGIS4Schools: tecnologia geoespacial para mudan\u00e7as clim\u00e1ticas em escolas secund\u00e1rias\u201d. O evento acontecer\u00e1 no dia 8 de outubro de 2021, das 14h \u00e0s 16h (hora de Lisboa) e visa favorecer o interc\u00e2mbio sobre a situa\u00e7\u00e3o da [&hellip;]<\/p>\n","protected":false},"author":1,"featured_media":0,"comment_status":"closed","ping_status":"closed","sticky":false,"template":"","format":"standard","meta":{"ngg_post_thumbnail":0,"_links_to":"","_links_to_target":""},"categories":[1],"tags":[],"_links":{"self":[{"href":"https:\/\/www.esjoseafonso.com\/wp\/index.php?rest_route=\/wp\/v2\/posts\/5886"}],"collection":[{"href":"https:\/\/www.esjoseafonso.com\/wp\/index.php?rest_route=\/wp\/v2\/posts"}],"about":[{"href":"https:\/\/www.esjoseafonso.com\/wp\/index.php?rest_route=\/wp\/v2\/types\/post"}],"author":[{"embeddable":true,"href":"https:\/\/www.esjoseafonso.com\/wp\/index.php?rest_route=\/wp\/v2\/users\/1"}],"replies":[{"embeddable":true,"href":"https:\/\/www.esjoseafonso.com\/wp\/index.php?rest_route=%2Fwp%2Fv2%2Fcomments&post=5886"}],"version-history":[{"count":4,"href":"https:\/\/www.esjoseafonso.com\/wp\/index.php?rest_route=\/wp\/v2\/posts\/5886\/revisions"}],"predecessor-version":[{"id":5896,"href":"https:\/\/www.esjoseafonso.com\/wp\/index.php?rest_route=\/wp\/v2\/posts\/5886\/revisions\/5896"}],"wp:attachment":[{"href":"https:\/\/www.esjoseafonso.com\/wp\/index.php?rest_route=%2Fwp%2Fv2%2Fmedia&parent=5886"}],"wp:term":[{"taxonomy":"category","embeddable":true,"href":"https:\/\/www.esjoseafonso.com\/wp\/index.php?rest_route=%2Fwp%2Fv2%2Fcategories&post=5886"},{"taxonomy":"post_tag","embeddable":true,"href":"https:\/\/www.esjoseafonso.com\/wp\/index.php?rest_route=%2Fwp%2Fv2%2Ftags&post=5886"}],"curies":[{"name":"wp","href":"https:\/\/api.w.org\/{rel}","templated":true}]}}