{"id":5947,"date":"2021-11-03T18:34:03","date_gmt":"2021-11-03T17:34:03","guid":{"rendered":"http:\/\/www.esjoseafonso.com\/wp\/?p=5947"},"modified":"2021-11-03T18:34:47","modified_gmt":"2021-11-03T17:34:47","slug":"epoca-de-recuperacao-de-modulos-do-1o-periodo","status":"publish","type":"post","link":"https:\/\/www.esjoseafonso.com\/wp\/?p=5947","title":{"rendered":"\u00c9POCA DE RECUPERA\u00c7\u00c3O DE M\u00d3DULOS DO 1\u00ba PER\u00cdODO"},"content":{"rendered":"\n<p>Divulga-se o calend\u00e1rio das provas de recupera\u00e7\u00e3o de m\u00f3dulos em atraso do 1\u00ba per\u00edodo para os alunos dos cursos profissionais inscritos.<\/p>\n\n\n\n<div class=\"wp-block-file\"><a href=\"http:\/\/www.esjoseafonso.com\/wp\/wp-content\/uploads\/2021\/11\/Calendario_web.pdf\" target=\"_blank\" rel=\"noreferrer noopener\">Calend\u00e1rio<\/a><a href=\"http:\/\/www.esjoseafonso.com\/wp\/wp-content\/uploads\/2021\/11\/Calendario_web.pdf\" class=\"wp-block-file__button\" download>Descarregar<\/a><\/div>\n<div class=\"al2fb_like_button\"><script src=\"http:\/\/connect.facebook.net\/pt_PT\/all.js#xfbml=1\"><\/script><fb:like href=\"https:\/\/www.esjoseafonso.com\/wp\/?p=5947\" layout=\"standard\" show_faces=\"true\" width=\"450\" action=\"like\" font=\"arial\" colorscheme=\"light\" ref=\"AL2FB\"><\/fb:like><\/div>","protected":false},"excerpt":{"rendered":"<p>Divulga-se o calend\u00e1rio das provas de recupera\u00e7\u00e3o de m\u00f3dulos em atraso do 1\u00ba per\u00edodo para os alunos dos cursos profissionais inscritos.<\/p>\n","protected":false},"author":1,"featured_media":0,"comment_status":"closed","ping_status":"closed","sticky":false,"template":"","format":"standard","meta":{"ngg_post_thumbnail":0,"_links_to":"","_links_to_target":""},"categories":[1],"tags":[],"_links":{"self":[{"href":"https:\/\/www.esjoseafonso.com\/wp\/index.php?rest_route=\/wp\/v2\/posts\/5947"}],"collection":[{"href":"https:\/\/www.esjoseafonso.com\/wp\/index.php?rest_route=\/wp\/v2\/posts"}],"about":[{"href":"https:\/\/www.esjoseafonso.com\/wp\/index.php?rest_route=\/wp\/v2\/types\/post"}],"author":[{"embeddable":true,"href":"https:\/\/www.esjoseafonso.com\/wp\/index.php?rest_route=\/wp\/v2\/users\/1"}],"replies":[{"embeddable":true,"href":"https:\/\/www.esjoseafonso.com\/wp\/index.php?rest_route=%2Fwp%2Fv2%2Fcomments&post=5947"}],"version-history":[{"count":2,"href":"https:\/\/www.esjoseafonso.com\/wp\/index.php?rest_route=\/wp\/v2\/posts\/5947\/revisions"}],"predecessor-version":[{"id":5950,"href":"https:\/\/www.esjoseafonso.com\/wp\/index.php?rest_route=\/wp\/v2\/posts\/5947\/revisions\/5950"}],"wp:attachment":[{"href":"https:\/\/www.esjoseafonso.com\/wp\/index.php?rest_route=%2Fwp%2Fv2%2Fmedia&parent=5947"}],"wp:term":[{"taxonomy":"category","embeddable":true,"href":"https:\/\/www.esjoseafonso.com\/wp\/index.php?rest_route=%2Fwp%2Fv2%2Fcategories&post=5947"},{"taxonomy":"post_tag","embeddable":true,"href":"https:\/\/www.esjoseafonso.com\/wp\/index.php?rest_route=%2Fwp%2Fv2%2Ftags&post=5947"}],"curies":[{"name":"wp","href":"https:\/\/api.w.org\/{rel}","templated":true}]}}