{"id":5991,"date":"2021-11-17T18:26:47","date_gmt":"2021-11-17T17:26:47","guid":{"rendered":"http:\/\/www.esjoseafonso.com\/wp\/?p=5991"},"modified":"2021-11-17T18:26:48","modified_gmt":"2021-11-17T17:26:48","slug":"informacao-20","status":"publish","type":"post","link":"https:\/\/www.esjoseafonso.com\/wp\/?p=5991","title":{"rendered":"INFORMA\u00c7\u00c3O"},"content":{"rendered":"\n<p>No \u00e2mbito das suas compet\u00eancias, a Autoridade de Sa\u00fade no Agrupamento de Centros de Sa\u00fade de Almada e Seixal, determinou o encerramento da secretaria at\u00e9 ao dia 25 de novembro de 2021.<\/p>\n\n\n\n<p>Esta determina\u00e7\u00e3o decorre da avalia\u00e7\u00e3o do risco dos restantes funcion\u00e1rios perante a exist\u00eancia de casos positivos para COVID-19 em alguns assistentes t\u00e9cnicos.<\/p>\n\n\n\n<p>Grato pela vossa compreens\u00e3o,<\/p>\n\n\n\n<p>O Diretor<\/p>\n\n\n\n<p>Andr\u00e9 Claro<\/p>\n<div class=\"al2fb_like_button\"><script src=\"http:\/\/connect.facebook.net\/pt_PT\/all.js#xfbml=1\"><\/script><fb:like href=\"https:\/\/www.esjoseafonso.com\/wp\/?p=5991\" layout=\"standard\" show_faces=\"true\" width=\"450\" action=\"like\" font=\"arial\" colorscheme=\"light\" ref=\"AL2FB\"><\/fb:like><\/div>","protected":false},"excerpt":{"rendered":"<p>No \u00e2mbito das suas compet\u00eancias, a Autoridade de Sa\u00fade no Agrupamento de Centros de Sa\u00fade de Almada e Seixal, determinou o encerramento da secretaria at\u00e9 ao dia 25 de novembro de 2021. Esta determina\u00e7\u00e3o decorre da avalia\u00e7\u00e3o do risco dos restantes funcion\u00e1rios perante a exist\u00eancia de casos positivos para COVID-19 em alguns assistentes t\u00e9cnicos. Grato [&hellip;]<\/p>\n","protected":false},"author":1,"featured_media":0,"comment_status":"closed","ping_status":"closed","sticky":false,"template":"","format":"standard","meta":{"ngg_post_thumbnail":0,"_links_to":"","_links_to_target":""},"categories":[1],"tags":[],"_links":{"self":[{"href":"https:\/\/www.esjoseafonso.com\/wp\/index.php?rest_route=\/wp\/v2\/posts\/5991"}],"collection":[{"href":"https:\/\/www.esjoseafonso.com\/wp\/index.php?rest_route=\/wp\/v2\/posts"}],"about":[{"href":"https:\/\/www.esjoseafonso.com\/wp\/index.php?rest_route=\/wp\/v2\/types\/post"}],"author":[{"embeddable":true,"href":"https:\/\/www.esjoseafonso.com\/wp\/index.php?rest_route=\/wp\/v2\/users\/1"}],"replies":[{"embeddable":true,"href":"https:\/\/www.esjoseafonso.com\/wp\/index.php?rest_route=%2Fwp%2Fv2%2Fcomments&post=5991"}],"version-history":[{"count":1,"href":"https:\/\/www.esjoseafonso.com\/wp\/index.php?rest_route=\/wp\/v2\/posts\/5991\/revisions"}],"predecessor-version":[{"id":5992,"href":"https:\/\/www.esjoseafonso.com\/wp\/index.php?rest_route=\/wp\/v2\/posts\/5991\/revisions\/5992"}],"wp:attachment":[{"href":"https:\/\/www.esjoseafonso.com\/wp\/index.php?rest_route=%2Fwp%2Fv2%2Fmedia&parent=5991"}],"wp:term":[{"taxonomy":"category","embeddable":true,"href":"https:\/\/www.esjoseafonso.com\/wp\/index.php?rest_route=%2Fwp%2Fv2%2Fcategories&post=5991"},{"taxonomy":"post_tag","embeddable":true,"href":"https:\/\/www.esjoseafonso.com\/wp\/index.php?rest_route=%2Fwp%2Fv2%2Ftags&post=5991"}],"curies":[{"name":"wp","href":"https:\/\/api.w.org\/{rel}","templated":true}]}}