{"id":6006,"date":"2021-11-27T19:35:20","date_gmt":"2021-11-27T18:35:20","guid":{"rendered":"http:\/\/www.esjoseafonso.com\/wp\/?p=6006"},"modified":"2021-11-27T19:36:06","modified_gmt":"2021-11-27T18:36:06","slug":"informacao-21","status":"publish","type":"post","link":"https:\/\/www.esjoseafonso.com\/wp\/?p=6006","title":{"rendered":"INFORMA\u00c7\u00c3O"},"content":{"rendered":"\n<p>\u00c9 com pesar que informamos a comunidade educativa do falecimento da professora Paula Dias.<\/p>\n\n\n\n<p>Aos familiares enviamos as nossas sentidas condol\u00eancias.<\/p>\n\n\n\n<p>Porque o funeral ocorrer\u00e1 na segunda feira, dia 29, pela manh\u00e3, avisam-se os senhores Encarregados de Educa\u00e7\u00e3o que poder\u00e3o ocorrer constrangimentos nas atividades letivas, durante este per\u00edodo.<\/p>\n\n\n\n<p>Gratos pela compreens\u00e3o,<\/p>\n\n\n\n<p>O Diretor<\/p>\n\n\n\n<p>Andr\u00e9 Claro<\/p>\n<div class=\"al2fb_like_button\"><script src=\"http:\/\/connect.facebook.net\/pt_PT\/all.js#xfbml=1\"><\/script><fb:like href=\"https:\/\/www.esjoseafonso.com\/wp\/?p=6006\" layout=\"standard\" show_faces=\"true\" width=\"450\" action=\"like\" font=\"arial\" colorscheme=\"light\" ref=\"AL2FB\"><\/fb:like><\/div>","protected":false},"excerpt":{"rendered":"<p>\u00c9 com pesar que informamos a comunidade educativa do falecimento da professora Paula Dias. Aos familiares enviamos as nossas sentidas condol\u00eancias. Porque o funeral ocorrer\u00e1 na segunda feira, dia 29, pela manh\u00e3, avisam-se os senhores Encarregados de Educa\u00e7\u00e3o que poder\u00e3o ocorrer constrangimentos nas atividades letivas, durante este per\u00edodo. Gratos pela compreens\u00e3o, O Diretor Andr\u00e9 Claro<\/p>\n","protected":false},"author":1,"featured_media":0,"comment_status":"closed","ping_status":"closed","sticky":false,"template":"","format":"standard","meta":{"ngg_post_thumbnail":0,"_links_to":"","_links_to_target":""},"categories":[1],"tags":[],"_links":{"self":[{"href":"https:\/\/www.esjoseafonso.com\/wp\/index.php?rest_route=\/wp\/v2\/posts\/6006"}],"collection":[{"href":"https:\/\/www.esjoseafonso.com\/wp\/index.php?rest_route=\/wp\/v2\/posts"}],"about":[{"href":"https:\/\/www.esjoseafonso.com\/wp\/index.php?rest_route=\/wp\/v2\/types\/post"}],"author":[{"embeddable":true,"href":"https:\/\/www.esjoseafonso.com\/wp\/index.php?rest_route=\/wp\/v2\/users\/1"}],"replies":[{"embeddable":true,"href":"https:\/\/www.esjoseafonso.com\/wp\/index.php?rest_route=%2Fwp%2Fv2%2Fcomments&post=6006"}],"version-history":[{"count":2,"href":"https:\/\/www.esjoseafonso.com\/wp\/index.php?rest_route=\/wp\/v2\/posts\/6006\/revisions"}],"predecessor-version":[{"id":6008,"href":"https:\/\/www.esjoseafonso.com\/wp\/index.php?rest_route=\/wp\/v2\/posts\/6006\/revisions\/6008"}],"wp:attachment":[{"href":"https:\/\/www.esjoseafonso.com\/wp\/index.php?rest_route=%2Fwp%2Fv2%2Fmedia&parent=6006"}],"wp:term":[{"taxonomy":"category","embeddable":true,"href":"https:\/\/www.esjoseafonso.com\/wp\/index.php?rest_route=%2Fwp%2Fv2%2Fcategories&post=6006"},{"taxonomy":"post_tag","embeddable":true,"href":"https:\/\/www.esjoseafonso.com\/wp\/index.php?rest_route=%2Fwp%2Fv2%2Ftags&post=6006"}],"curies":[{"name":"wp","href":"https:\/\/api.w.org\/{rel}","templated":true}]}}