{"id":9556,"date":"2025-07-28T17:07:39","date_gmt":"2025-07-28T16:07:39","guid":{"rendered":"https:\/\/www.esjoseafonso.com\/wp\/?p=9556"},"modified":"2025-07-28T17:07:45","modified_gmt":"2025-07-28T16:07:45","slug":"com-erasmus-estivemos-em-barcelona-a-aprender-e-a-inovar","status":"publish","type":"post","link":"https:\/\/www.esjoseafonso.com\/wp\/?p=9556","title":{"rendered":"Com ERASMUS+, estivemos em Barcelona, a aprender e a inovar!"},"content":{"rendered":"\n<figure class=\"wp-block-image size-large\"><a href=\"https:\/\/www.esjoseafonso.com\/wp\/wp-content\/uploads\/2025\/07\/Logo-ERASMUS-NOVO.png\"><img loading=\"lazy\" width=\"712\" height=\"149\" src=\"https:\/\/www.esjoseafonso.com\/wp\/wp-content\/uploads\/2025\/07\/Logo-ERASMUS-NOVO.png\" alt=\"\" class=\"wp-image-9563\" srcset=\"https:\/\/www.esjoseafonso.com\/wp\/wp-content\/uploads\/2025\/07\/Logo-ERASMUS-NOVO.png 712w, https:\/\/www.esjoseafonso.com\/wp\/wp-content\/uploads\/2025\/07\/Logo-ERASMUS-NOVO-300x63.png 300w, https:\/\/www.esjoseafonso.com\/wp\/wp-content\/uploads\/2025\/07\/Logo-ERASMUS-NOVO-400x84.png 400w\" sizes=\"(max-width: 712px) 100vw, 712px\" \/><\/a><\/figure>\n\n\n\n<p>O Cons\u00f3rcio ERASMUS+ &#8211; Ensino Profissional constitu\u00eddo pela Escola Secund\u00e1ria Dr. Jos\u00e9 Afonso, Agrupamento de Escolas Michel Giacometti e Centro de Forma\u00e7\u00e3o Eagle Intuition marcaram presen\u00e7a no curso europeu \u201cTech Toolbox for Teachers \u2013 AI-powered tools\u201d, realizado no Institut Santa Anna, em Barcelona. Esta forma\u00e7\u00e3o foi dedicada \u00e0 explora\u00e7\u00e3o das potencialidades da Intelig\u00eancia Artificial e ferramentas digitais em contexto educativo.<\/p>\n\n\n\n<p>Durante a semana, tivemos a oportunidade de experimentar muitas ferramentas inovadoras, nomeadamente:<br>&#8211; Say What You See<br>&#8211; Music Lab<br>&#8211; Isle of Tune<br>&#8211; Suno AI<br>&#8211; Thinglink<\/p>\n\n\n\n<p>Al\u00e9m disso, continuamos a construir o nosso livro digital no Book Creator e o nosso site individual, que funcionar\u00e1 como reposit\u00f3rio das ferramentas exploradas.<\/p>\n\n\n\n<p>A forma\u00e7\u00e3o foi tamb\u00e9m pr\u00e1tica e divertida! Particip\u00e1mos em dois jogos pedag\u00f3gicos:<br>&#8211; Uma \u201cTreasure Hunt\u201d com Classtools.net<br>&#8211; Um quiz ao vivo com Quizlet Live<\/p>\n\n\n\n<p>Tivemos ainda tempo para criar um v\u00eddeo sobre a experi\u00eancia em Barcelona, usando ferramentas digitais escolhidas por cada participante.<\/p>\n\n\n\n<p>Num dos dias, ainda houve tempo para explorar a cidade! Visitamos o exterior da Sagrada Fam\u00edlia e desfrutamos das vistas no Parque G\u00fcell. Quase todos&#8230; porque houve um dos elementos desta equipa maravilha que optou por uma aprendizagem mais tranquila&#8230; a descansar no hotel!<\/p>\n\n\n\n<p>Foi uma semana intensa, de grande aprendizagem, partilha e muita inspira\u00e7\u00e3o.<br>Continuamos motivados para aplicar estas ferramentas na sala de aula e transformar a educa\u00e7\u00e3o com a ajuda da IA!<br>Os trabalhos desta semana podem ser consultados em\u00a0<a rel=\"noreferrer noopener\" target=\"_blank\" href=\"https:\/\/sites.google.com\/row7education.co.uk\/2025premiadedalt\/premia-de-mar-2025\">https:\/\/sites.google.com\/row7education.co.uk\/2025premiadedalt\/premia-de-mar-2025<\/a><br>Em suma, estas\u00a0mobilidades no espa\u00e7o europeu servem para que se perceba a diversidade europeia e as diferen\u00e7as e similitudes entre os diferentes povos. Tomamos conhecimento da nossa individualidade nacional, mas tamb\u00e9m nos aspetos da nossa integra\u00e7\u00e3o, manifestada nas trocas de experi\u00eancias entre os diferentes participantes, de contactos e de rela\u00e7\u00f5es de amizade e profissionais.<\/p>\n\n\n\n<p><br>#Barcelona2025 #TechToolbox #AIinEducation #Forma\u00e7\u00e3oDeProfessores #ErasmusPlus #Educa\u00e7\u00e3oDigital #EagleIntuition #EscolaDrJos\u00e9Afonso #AEMichelGiacometti #ESJA<\/p>\n\n\n\n<p><\/p>\n\n\n\n<figure class=\"wp-block-gallery columns-3 is-cropped\"><ul class=\"blocks-gallery-grid\"><li class=\"blocks-gallery-item\"><figure><a href=\"https:\/\/www.esjoseafonso.com\/wp\/wp-content\/uploads\/2025\/07\/IMG_0375_trat.jpg\"><img loading=\"lazy\" width=\"800\" height=\"794\" src=\"https:\/\/www.esjoseafonso.com\/wp\/wp-content\/uploads\/2025\/07\/IMG_0375_trat.jpg\" alt=\"\" data-id=\"9559\" data-full-url=\"https:\/\/www.esjoseafonso.com\/wp\/wp-content\/uploads\/2025\/07\/IMG_0375_trat.jpg\" data-link=\"https:\/\/www.esjoseafonso.com\/wp\/?attachment_id=9559\" class=\"wp-image-9559\" srcset=\"https:\/\/www.esjoseafonso.com\/wp\/wp-content\/uploads\/2025\/07\/IMG_0375_trat.jpg 800w, https:\/\/www.esjoseafonso.com\/wp\/wp-content\/uploads\/2025\/07\/IMG_0375_trat-300x298.jpg 300w, https:\/\/www.esjoseafonso.com\/wp\/wp-content\/uploads\/2025\/07\/IMG_0375_trat-150x150.jpg 150w, https:\/\/www.esjoseafonso.com\/wp\/wp-content\/uploads\/2025\/07\/IMG_0375_trat-768x762.jpg 768w, https:\/\/www.esjoseafonso.com\/wp\/wp-content\/uploads\/2025\/07\/IMG_0375_trat-302x300.jpg 302w\" sizes=\"(max-width: 800px) 100vw, 800px\" \/><\/a><\/figure><\/li><li class=\"blocks-gallery-item\"><figure><a href=\"https:\/\/www.esjoseafonso.com\/wp\/wp-content\/uploads\/2025\/07\/IMG_0396_trat.jpg\"><img loading=\"lazy\" width=\"900\" height=\"675\" src=\"https:\/\/www.esjoseafonso.com\/wp\/wp-content\/uploads\/2025\/07\/IMG_0396_trat.jpg\" alt=\"\" data-id=\"9560\" data-full-url=\"https:\/\/www.esjoseafonso.com\/wp\/wp-content\/uploads\/2025\/07\/IMG_0396_trat.jpg\" data-link=\"https:\/\/www.esjoseafonso.com\/wp\/?attachment_id=9560\" class=\"wp-image-9560\" srcset=\"https:\/\/www.esjoseafonso.com\/wp\/wp-content\/uploads\/2025\/07\/IMG_0396_trat.jpg 900w, https:\/\/www.esjoseafonso.com\/wp\/wp-content\/uploads\/2025\/07\/IMG_0396_trat-300x225.jpg 300w, https:\/\/www.esjoseafonso.com\/wp\/wp-content\/uploads\/2025\/07\/IMG_0396_trat-768x576.jpg 768w, https:\/\/www.esjoseafonso.com\/wp\/wp-content\/uploads\/2025\/07\/IMG_0396_trat-400x300.jpg 400w\" sizes=\"(max-width: 900px) 100vw, 900px\" \/><\/a><\/figure><\/li><li class=\"blocks-gallery-item\"><figure><a href=\"https:\/\/www.esjoseafonso.com\/wp\/wp-content\/uploads\/2025\/07\/IMG_0483_trat.jpg\"><img loading=\"lazy\" width=\"600\" height=\"800\" src=\"https:\/\/www.esjoseafonso.com\/wp\/wp-content\/uploads\/2025\/07\/IMG_0483_trat.jpg\" alt=\"\" data-id=\"9561\" data-full-url=\"https:\/\/www.esjoseafonso.com\/wp\/wp-content\/uploads\/2025\/07\/IMG_0483_trat.jpg\" data-link=\"https:\/\/www.esjoseafonso.com\/wp\/?attachment_id=9561\" class=\"wp-image-9561\" srcset=\"https:\/\/www.esjoseafonso.com\/wp\/wp-content\/uploads\/2025\/07\/IMG_0483_trat.jpg 600w, https:\/\/www.esjoseafonso.com\/wp\/wp-content\/uploads\/2025\/07\/IMG_0483_trat-225x300.jpg 225w\" sizes=\"(max-width: 600px) 100vw, 600px\" \/><\/a><\/figure><\/li><li class=\"blocks-gallery-item\"><figure><a href=\"https:\/\/www.esjoseafonso.com\/wp\/wp-content\/uploads\/2025\/07\/IMG_0552_trat.jpg\"><img loading=\"lazy\" width=\"600\" height=\"800\" src=\"https:\/\/www.esjoseafonso.com\/wp\/wp-content\/uploads\/2025\/07\/IMG_0552_trat.jpg\" alt=\"\" data-id=\"9562\" data-full-url=\"https:\/\/www.esjoseafonso.com\/wp\/wp-content\/uploads\/2025\/07\/IMG_0552_trat.jpg\" data-link=\"https:\/\/www.esjoseafonso.com\/wp\/?attachment_id=9562\" class=\"wp-image-9562\" srcset=\"https:\/\/www.esjoseafonso.com\/wp\/wp-content\/uploads\/2025\/07\/IMG_0552_trat.jpg 600w, https:\/\/www.esjoseafonso.com\/wp\/wp-content\/uploads\/2025\/07\/IMG_0552_trat-225x300.jpg 225w\" sizes=\"(max-width: 600px) 100vw, 600px\" \/><\/a><\/figure><\/li><\/ul><\/figure>\n<div class=\"al2fb_like_button\"><script src=\"http:\/\/connect.facebook.net\/pt_PT\/all.js#xfbml=1\"><\/script><fb:like href=\"https:\/\/www.esjoseafonso.com\/wp\/?p=9556\" layout=\"standard\" show_faces=\"true\" width=\"450\" action=\"like\" font=\"arial\" colorscheme=\"light\" ref=\"AL2FB\"><\/fb:like><\/div>","protected":false},"excerpt":{"rendered":"<p>O Cons\u00f3rcio ERASMUS+ &#8211; Ensino Profissional constitu\u00eddo pela Escola Secund\u00e1ria Dr. Jos\u00e9 Afonso, Agrupamento de Escolas Michel Giacometti e Centro de Forma\u00e7\u00e3o Eagle Intuition marcaram presen\u00e7a no curso europeu \u201cTech Toolbox for Teachers \u2013 AI-powered tools\u201d, realizado no Institut Santa Anna, em Barcelona. Esta forma\u00e7\u00e3o foi dedicada \u00e0 explora\u00e7\u00e3o das potencialidades da Intelig\u00eancia Artificial e [&hellip;]<\/p>\n","protected":false},"author":1,"featured_media":9563,"comment_status":"closed","ping_status":"closed","sticky":false,"template":"","format":"standard","meta":{"ngg_post_thumbnail":0,"_links_to":"","_links_to_target":""},"categories":[1],"tags":[],"_links":{"self":[{"href":"https:\/\/www.esjoseafonso.com\/wp\/index.php?rest_route=\/wp\/v2\/posts\/9556"}],"collection":[{"href":"https:\/\/www.esjoseafonso.com\/wp\/index.php?rest_route=\/wp\/v2\/posts"}],"about":[{"href":"https:\/\/www.esjoseafonso.com\/wp\/index.php?rest_route=\/wp\/v2\/types\/post"}],"author":[{"embeddable":true,"href":"https:\/\/www.esjoseafonso.com\/wp\/index.php?rest_route=\/wp\/v2\/users\/1"}],"replies":[{"embeddable":true,"href":"https:\/\/www.esjoseafonso.com\/wp\/index.php?rest_route=%2Fwp%2Fv2%2Fcomments&post=9556"}],"version-history":[{"count":3,"href":"https:\/\/www.esjoseafonso.com\/wp\/index.php?rest_route=\/wp\/v2\/posts\/9556\/revisions"}],"predecessor-version":[{"id":9564,"href":"https:\/\/www.esjoseafonso.com\/wp\/index.php?rest_route=\/wp\/v2\/posts\/9556\/revisions\/9564"}],"wp:featuredmedia":[{"embeddable":true,"href":"https:\/\/www.esjoseafonso.com\/wp\/index.php?rest_route=\/wp\/v2\/media\/9563"}],"wp:attachment":[{"href":"https:\/\/www.esjoseafonso.com\/wp\/index.php?rest_route=%2Fwp%2Fv2%2Fmedia&parent=9556"}],"wp:term":[{"taxonomy":"category","embeddable":true,"href":"https:\/\/www.esjoseafonso.com\/wp\/index.php?rest_route=%2Fwp%2Fv2%2Fcategories&post=9556"},{"taxonomy":"post_tag","embeddable":true,"href":"https:\/\/www.esjoseafonso.com\/wp\/index.php?rest_route=%2Fwp%2Fv2%2Ftags&post=9556"}],"curies":[{"name":"wp","href":"https:\/\/api.w.org\/{rel}","templated":true}]}}