{"id":9672,"date":"2025-09-10T23:35:10","date_gmt":"2025-09-10T22:35:10","guid":{"rendered":"https:\/\/www.esjoseafonso.com\/wp\/?p=9672"},"modified":"2025-09-10T23:40:59","modified_gmt":"2025-09-10T22:40:59","slug":"campeao-nacional-de-natacao-adaptada","status":"publish","type":"post","link":"https:\/\/www.esjoseafonso.com\/wp\/?p=9672","title":{"rendered":"Campe\u00e3o Nacional de Nata\u00e7\u00e3o Adaptada"},"content":{"rendered":"\n<p><strong>Rafael Cristina \u00e9 Campe\u00e3o Nacional<\/strong>. <\/p>\n\n\n\n<p>Em Rio Maior, subiu ao p\u00f3dio mais um atleta do nosso concelho e de l\u00e1 trouxe o t\u00edtulo de Campe\u00e3o Nacional de Nata\u00e7\u00e3o Adaptada. Rafael Cristina foi o atleta que conquistou mais um t\u00edtulo para o concelho.<\/p>\n\n\n\n<p><strong>T\u00edtulos conquistados<\/strong><\/p>\n\n\n\n<p>Campe\u00e3o Nacional | 100m Bru\u00e7os<\/p>\n\n\n\n<p>Vice-Campe\u00e3o Nacional | 50m Livres<\/p>\n\n\n\n<p>Campe\u00e3o Nacional | 100m Livres<\/p>\n\n\n\n<p><strong>Paralelamente \u00e0 Nata\u00e7\u00e3o<\/strong><\/p>\n\n\n\n<p>Rafael \u00e9, al\u00e9m de atleta de outra freguesia do concelho do Seixal, Data Analyst no Amora F.C. mais precisamente na se\u00e7\u00e3o de Futsal, mostrando que dedica\u00e7\u00e3o e talento podem cruzar modalidades e inspirar dentro e fora de \u00e1gua.<\/p>\n\n\n\n<p><strong>Parab\u00e9ns, Rafael!<\/strong><\/p>\n\n\n\n<figure class=\"wp-block-image size-large is-resized\"><a href=\"https:\/\/www.esjoseafonso.com\/wp\/wp-content\/uploads\/2025\/09\/IMG-20250910-WA0007.jpg\"><img loading=\"lazy\" src=\"https:\/\/www.esjoseafonso.com\/wp\/wp-content\/uploads\/2025\/09\/IMG-20250910-WA0007-819x1024.jpg\" alt=\"\" class=\"wp-image-9674\" width=\"306\" height=\"382\" srcset=\"https:\/\/www.esjoseafonso.com\/wp\/wp-content\/uploads\/2025\/09\/IMG-20250910-WA0007-819x1024.jpg 819w, https:\/\/www.esjoseafonso.com\/wp\/wp-content\/uploads\/2025\/09\/IMG-20250910-WA0007-240x300.jpg 240w, https:\/\/www.esjoseafonso.com\/wp\/wp-content\/uploads\/2025\/09\/IMG-20250910-WA0007-768x960.jpg 768w, https:\/\/www.esjoseafonso.com\/wp\/wp-content\/uploads\/2025\/09\/IMG-20250910-WA0007.jpg 1080w\" sizes=\"(max-width: 306px) 100vw, 306px\" \/><\/a><\/figure>\n<div class=\"al2fb_like_button\"><script src=\"http:\/\/connect.facebook.net\/pt_PT\/all.js#xfbml=1\"><\/script><fb:like href=\"https:\/\/www.esjoseafonso.com\/wp\/?p=9672\" layout=\"standard\" show_faces=\"true\" width=\"450\" action=\"like\" font=\"arial\" colorscheme=\"light\" ref=\"AL2FB\"><\/fb:like><\/div>","protected":false},"excerpt":{"rendered":"<p>Rafael Cristina \u00e9 Campe\u00e3o Nacional. Em Rio Maior, subiu ao p\u00f3dio mais um atleta do nosso concelho e de l\u00e1 trouxe o t\u00edtulo de Campe\u00e3o Nacional de Nata\u00e7\u00e3o Adaptada. Rafael Cristina foi o atleta que conquistou mais um t\u00edtulo para o concelho. T\u00edtulos conquistados Campe\u00e3o Nacional | 100m Bru\u00e7os Vice-Campe\u00e3o Nacional | 50m Livres Campe\u00e3o [&hellip;]<\/p>\n","protected":false},"author":1,"featured_media":0,"comment_status":"closed","ping_status":"closed","sticky":false,"template":"","format":"standard","meta":{"ngg_post_thumbnail":0,"_links_to":"","_links_to_target":""},"categories":[1],"tags":[],"_links":{"self":[{"href":"https:\/\/www.esjoseafonso.com\/wp\/index.php?rest_route=\/wp\/v2\/posts\/9672"}],"collection":[{"href":"https:\/\/www.esjoseafonso.com\/wp\/index.php?rest_route=\/wp\/v2\/posts"}],"about":[{"href":"https:\/\/www.esjoseafonso.com\/wp\/index.php?rest_route=\/wp\/v2\/types\/post"}],"author":[{"embeddable":true,"href":"https:\/\/www.esjoseafonso.com\/wp\/index.php?rest_route=\/wp\/v2\/users\/1"}],"replies":[{"embeddable":true,"href":"https:\/\/www.esjoseafonso.com\/wp\/index.php?rest_route=%2Fwp%2Fv2%2Fcomments&post=9672"}],"version-history":[{"count":4,"href":"https:\/\/www.esjoseafonso.com\/wp\/index.php?rest_route=\/wp\/v2\/posts\/9672\/revisions"}],"predecessor-version":[{"id":9677,"href":"https:\/\/www.esjoseafonso.com\/wp\/index.php?rest_route=\/wp\/v2\/posts\/9672\/revisions\/9677"}],"wp:attachment":[{"href":"https:\/\/www.esjoseafonso.com\/wp\/index.php?rest_route=%2Fwp%2Fv2%2Fmedia&parent=9672"}],"wp:term":[{"taxonomy":"category","embeddable":true,"href":"https:\/\/www.esjoseafonso.com\/wp\/index.php?rest_route=%2Fwp%2Fv2%2Fcategories&post=9672"},{"taxonomy":"post_tag","embeddable":true,"href":"https:\/\/www.esjoseafonso.com\/wp\/index.php?rest_route=%2Fwp%2Fv2%2Ftags&post=9672"}],"curies":[{"name":"wp","href":"https:\/\/api.w.org\/{rel}","templated":true}]}}