{"id":9696,"date":"2025-09-27T18:19:23","date_gmt":"2025-09-27T17:19:23","guid":{"rendered":"https:\/\/www.esjoseafonso.com\/wp\/?p=9696"},"modified":"2025-09-27T18:22:41","modified_gmt":"2025-09-27T17:22:41","slug":"i-concurso-de-abanicos","status":"publish","type":"post","link":"https:\/\/www.esjoseafonso.com\/wp\/?p=9696","title":{"rendered":"I Concurso de Abanicos"},"content":{"rendered":"\n<p>Est\u00e1 aberto o\u00a0<strong>I Concurso de Abanicos<\/strong>\u00a0na ESJA,\u00a0no qual podes participar com o teu leque (abanico).\u00a0<br>Solta a tua imagina\u00e7\u00e3o, cria o teu pr\u00f3prio abanico e participa na atividade.<\/p>\n\n\n\n<p>Entrega-o \u00e0 tua professora de Espanhol at\u00e9 ao dia 6 de outubro.<\/p>\n\n\n\n<p>H\u00e1 pr\u00e9mios para os 3 primeiros lugares!<\/p>\n\n\n\n<p><strong>\u00a1An\u00edmate y participa!<\/strong><\/p>\n\n\n\n<p>O Grupo de Espanhol<\/p>\n\n\n\n<div style=\"height:23px\" aria-hidden=\"true\" class=\"wp-block-spacer\"><\/div>\n\n\n\n<figure class=\"wp-block-image size-large\"><a href=\"http:\/\/www.esjoseafonso.com\/wp\/wp-content\/uploads\/2025\/09\/Cartaz_concurso_abanicos_PDF.pdf\" target=\"_blank\" rel=\"noopener\"><img loading=\"lazy\" width=\"500\" height=\"874\" src=\"https:\/\/www.esjoseafonso.com\/wp\/wp-content\/uploads\/2025\/09\/abanico.jpg\" alt=\"\" class=\"wp-image-9698\" srcset=\"https:\/\/www.esjoseafonso.com\/wp\/wp-content\/uploads\/2025\/09\/abanico.jpg 500w, https:\/\/www.esjoseafonso.com\/wp\/wp-content\/uploads\/2025\/09\/abanico-172x300.jpg 172w\" sizes=\"(max-width: 500px) 100vw, 500px\" \/><\/a><\/figure>\n<div class=\"al2fb_like_button\"><script src=\"http:\/\/connect.facebook.net\/pt_PT\/all.js#xfbml=1\"><\/script><fb:like href=\"https:\/\/www.esjoseafonso.com\/wp\/?p=9696\" layout=\"standard\" show_faces=\"true\" width=\"450\" action=\"like\" font=\"arial\" colorscheme=\"light\" ref=\"AL2FB\"><\/fb:like><\/div>","protected":false},"excerpt":{"rendered":"<p>Est\u00e1 aberto o\u00a0I Concurso de Abanicos\u00a0na ESJA,\u00a0no qual podes participar com o teu leque (abanico).\u00a0Solta a tua imagina\u00e7\u00e3o, cria o teu pr\u00f3prio abanico e participa na atividade. Entrega-o \u00e0 tua professora de Espanhol at\u00e9 ao dia 6 de outubro. H\u00e1 pr\u00e9mios para os 3 primeiros lugares! \u00a1An\u00edmate y participa! O Grupo de Espanhol<\/p>\n","protected":false},"author":1,"featured_media":0,"comment_status":"closed","ping_status":"closed","sticky":false,"template":"","format":"standard","meta":{"ngg_post_thumbnail":0,"_links_to":"","_links_to_target":""},"categories":[1],"tags":[],"_links":{"self":[{"href":"https:\/\/www.esjoseafonso.com\/wp\/index.php?rest_route=\/wp\/v2\/posts\/9696"}],"collection":[{"href":"https:\/\/www.esjoseafonso.com\/wp\/index.php?rest_route=\/wp\/v2\/posts"}],"about":[{"href":"https:\/\/www.esjoseafonso.com\/wp\/index.php?rest_route=\/wp\/v2\/types\/post"}],"author":[{"embeddable":true,"href":"https:\/\/www.esjoseafonso.com\/wp\/index.php?rest_route=\/wp\/v2\/users\/1"}],"replies":[{"embeddable":true,"href":"https:\/\/www.esjoseafonso.com\/wp\/index.php?rest_route=%2Fwp%2Fv2%2Fcomments&post=9696"}],"version-history":[{"count":4,"href":"https:\/\/www.esjoseafonso.com\/wp\/index.php?rest_route=\/wp\/v2\/posts\/9696\/revisions"}],"predecessor-version":[{"id":9702,"href":"https:\/\/www.esjoseafonso.com\/wp\/index.php?rest_route=\/wp\/v2\/posts\/9696\/revisions\/9702"}],"wp:attachment":[{"href":"https:\/\/www.esjoseafonso.com\/wp\/index.php?rest_route=%2Fwp%2Fv2%2Fmedia&parent=9696"}],"wp:term":[{"taxonomy":"category","embeddable":true,"href":"https:\/\/www.esjoseafonso.com\/wp\/index.php?rest_route=%2Fwp%2Fv2%2Fcategories&post=9696"},{"taxonomy":"post_tag","embeddable":true,"href":"https:\/\/www.esjoseafonso.com\/wp\/index.php?rest_route=%2Fwp%2Fv2%2Ftags&post=9696"}],"curies":[{"name":"wp","href":"https:\/\/api.w.org\/{rel}","templated":true}]}}