{"id":9743,"date":"2025-10-05T08:22:00","date_gmt":"2025-10-05T07:22:00","guid":{"rendered":"https:\/\/www.esjoseafonso.com\/wp\/?p=9743"},"modified":"2025-10-05T18:28:45","modified_gmt":"2025-10-05T17:28:45","slug":"dia-mundial-do-professor","status":"publish","type":"post","link":"https:\/\/www.esjoseafonso.com\/wp\/?p=9743","title":{"rendered":"Dia Mundial do Professor"},"content":{"rendered":"\n<p>No\u00a0<strong>Dia Mundial do Professor<\/strong>, 5 de outubro, celebramo-nos! Celebramos a nossa dedica\u00e7\u00e3o incans\u00e1vel, o talento para inspirar e a coragem de acreditar no futuro mesmo nos dias mais desafiantes.A cada aula, semeamos conhecimento, mas tamb\u00e9m valores e horizontes \u2014 e isso merece ser celebrado todos os dias.<br>Como forma de homenagem e tamb\u00e9m de pausa merecida, partilhamos algumas sugest\u00f5es de filmes que celebram a for\u00e7a transformadora da educa\u00e7\u00e3o.Que cada hist\u00f3ria seja tamb\u00e9m um espelho do impacto \u00fanico que temos nas vidas dos nossos alunos.<br>Um enorme obrigado por tudo o que fazem!\u00a0<\/p>\n\n\n\n<figure class=\"wp-block-image size-large\"><a href=\"https:\/\/www.esjoseafonso.com\/wp\/wp-content\/uploads\/2025\/10\/dia_do_professor_PCE.jpg\"><img loading=\"lazy\" width=\"600\" height=\"849\" src=\"https:\/\/www.esjoseafonso.com\/wp\/wp-content\/uploads\/2025\/10\/dia_do_professor_PCE.jpg\" alt=\"\" class=\"wp-image-9745\" srcset=\"https:\/\/www.esjoseafonso.com\/wp\/wp-content\/uploads\/2025\/10\/dia_do_professor_PCE.jpg 600w, https:\/\/www.esjoseafonso.com\/wp\/wp-content\/uploads\/2025\/10\/dia_do_professor_PCE-212x300.jpg 212w\" sizes=\"(max-width: 600px) 100vw, 600px\" \/><\/a><\/figure>\n<div class=\"al2fb_like_button\"><script src=\"http:\/\/connect.facebook.net\/pt_PT\/all.js#xfbml=1\"><\/script><fb:like href=\"https:\/\/www.esjoseafonso.com\/wp\/?p=9743\" layout=\"standard\" show_faces=\"true\" width=\"450\" action=\"like\" font=\"arial\" colorscheme=\"light\" ref=\"AL2FB\"><\/fb:like><\/div>","protected":false},"excerpt":{"rendered":"<p>No\u00a0Dia Mundial do Professor, 5 de outubro, celebramo-nos! Celebramos a nossa dedica\u00e7\u00e3o incans\u00e1vel, o talento para inspirar e a coragem de acreditar no futuro mesmo nos dias mais desafiantes.A cada aula, semeamos conhecimento, mas tamb\u00e9m valores e horizontes \u2014 e isso merece ser celebrado todos os dias.Como forma de homenagem e tamb\u00e9m de pausa merecida, [&hellip;]<\/p>\n","protected":false},"author":1,"featured_media":0,"comment_status":"closed","ping_status":"closed","sticky":false,"template":"","format":"standard","meta":{"ngg_post_thumbnail":0,"_links_to":"","_links_to_target":""},"categories":[1],"tags":[],"_links":{"self":[{"href":"https:\/\/www.esjoseafonso.com\/wp\/index.php?rest_route=\/wp\/v2\/posts\/9743"}],"collection":[{"href":"https:\/\/www.esjoseafonso.com\/wp\/index.php?rest_route=\/wp\/v2\/posts"}],"about":[{"href":"https:\/\/www.esjoseafonso.com\/wp\/index.php?rest_route=\/wp\/v2\/types\/post"}],"author":[{"embeddable":true,"href":"https:\/\/www.esjoseafonso.com\/wp\/index.php?rest_route=\/wp\/v2\/users\/1"}],"replies":[{"embeddable":true,"href":"https:\/\/www.esjoseafonso.com\/wp\/index.php?rest_route=%2Fwp%2Fv2%2Fcomments&post=9743"}],"version-history":[{"count":2,"href":"https:\/\/www.esjoseafonso.com\/wp\/index.php?rest_route=\/wp\/v2\/posts\/9743\/revisions"}],"predecessor-version":[{"id":9746,"href":"https:\/\/www.esjoseafonso.com\/wp\/index.php?rest_route=\/wp\/v2\/posts\/9743\/revisions\/9746"}],"wp:attachment":[{"href":"https:\/\/www.esjoseafonso.com\/wp\/index.php?rest_route=%2Fwp%2Fv2%2Fmedia&parent=9743"}],"wp:term":[{"taxonomy":"category","embeddable":true,"href":"https:\/\/www.esjoseafonso.com\/wp\/index.php?rest_route=%2Fwp%2Fv2%2Fcategories&post=9743"},{"taxonomy":"post_tag","embeddable":true,"href":"https:\/\/www.esjoseafonso.com\/wp\/index.php?rest_route=%2Fwp%2Fv2%2Ftags&post=9743"}],"curies":[{"name":"wp","href":"https:\/\/api.w.org\/{rel}","templated":true}]}}