{"id":9760,"date":"2025-10-09T18:36:39","date_gmt":"2025-10-09T17:36:39","guid":{"rendered":"https:\/\/www.esjoseafonso.com\/wp\/?p=9760"},"modified":"2025-10-09T18:52:16","modified_gmt":"2025-10-09T17:52:16","slug":"informacao-42","status":"publish","type":"post","link":"https:\/\/www.esjoseafonso.com\/wp\/?p=9760","title":{"rendered":"INFORMA\u00c7\u00c3O"},"content":{"rendered":"\n<p>Caro, Encarregado de Educa\u00e7\u00e3o.<br>Informo que, em virtude da realiza\u00e7\u00e3o de&nbsp;Elei\u00e7\u00f5es Aut\u00e1rquicas a 12&nbsp;de outubro e sendo a Escola Secund\u00e1ria Dr. Jos\u00e9 Afonso um local de voto,&nbsp;<strong>dia 13&nbsp;de outubro de 2025 (segunda feira), n\u00e3o decorrer\u00e3o atividades letivas.<\/strong><\/p>\n\n\n\n<p>O Diretor<\/p>\n\n\n\n<p>Professor Andr\u00e9 Claro<\/p>\n<div class=\"al2fb_like_button\"><script src=\"http:\/\/connect.facebook.net\/pt_PT\/all.js#xfbml=1\"><\/script><fb:like href=\"https:\/\/www.esjoseafonso.com\/wp\/?p=9760\" layout=\"standard\" show_faces=\"true\" width=\"450\" action=\"like\" font=\"arial\" colorscheme=\"light\" ref=\"AL2FB\"><\/fb:like><\/div>","protected":false},"excerpt":{"rendered":"<p>Caro, Encarregado de Educa\u00e7\u00e3o.Informo que, em virtude da realiza\u00e7\u00e3o de&nbsp;Elei\u00e7\u00f5es Aut\u00e1rquicas a 12&nbsp;de outubro e sendo a Escola Secund\u00e1ria Dr. Jos\u00e9 Afonso um local de voto,&nbsp;dia 13&nbsp;de outubro de 2025 (segunda feira), n\u00e3o decorrer\u00e3o atividades letivas. O Diretor Professor Andr\u00e9 Claro<\/p>\n","protected":false},"author":1,"featured_media":0,"comment_status":"closed","ping_status":"closed","sticky":false,"template":"","format":"standard","meta":{"ngg_post_thumbnail":0,"_links_to":"","_links_to_target":""},"categories":[1],"tags":[],"_links":{"self":[{"href":"https:\/\/www.esjoseafonso.com\/wp\/index.php?rest_route=\/wp\/v2\/posts\/9760"}],"collection":[{"href":"https:\/\/www.esjoseafonso.com\/wp\/index.php?rest_route=\/wp\/v2\/posts"}],"about":[{"href":"https:\/\/www.esjoseafonso.com\/wp\/index.php?rest_route=\/wp\/v2\/types\/post"}],"author":[{"embeddable":true,"href":"https:\/\/www.esjoseafonso.com\/wp\/index.php?rest_route=\/wp\/v2\/users\/1"}],"replies":[{"embeddable":true,"href":"https:\/\/www.esjoseafonso.com\/wp\/index.php?rest_route=%2Fwp%2Fv2%2Fcomments&post=9760"}],"version-history":[{"count":2,"href":"https:\/\/www.esjoseafonso.com\/wp\/index.php?rest_route=\/wp\/v2\/posts\/9760\/revisions"}],"predecessor-version":[{"id":9762,"href":"https:\/\/www.esjoseafonso.com\/wp\/index.php?rest_route=\/wp\/v2\/posts\/9760\/revisions\/9762"}],"wp:attachment":[{"href":"https:\/\/www.esjoseafonso.com\/wp\/index.php?rest_route=%2Fwp%2Fv2%2Fmedia&parent=9760"}],"wp:term":[{"taxonomy":"category","embeddable":true,"href":"https:\/\/www.esjoseafonso.com\/wp\/index.php?rest_route=%2Fwp%2Fv2%2Fcategories&post=9760"},{"taxonomy":"post_tag","embeddable":true,"href":"https:\/\/www.esjoseafonso.com\/wp\/index.php?rest_route=%2Fwp%2Fv2%2Ftags&post=9760"}],"curies":[{"name":"wp","href":"https:\/\/api.w.org\/{rel}","templated":true}]}}