{"id":9861,"date":"2025-10-28T11:40:36","date_gmt":"2025-10-28T10:40:36","guid":{"rendered":"https:\/\/www.esjoseafonso.com\/wp\/?p=9861"},"modified":"2025-10-28T11:41:08","modified_gmt":"2025-10-28T10:41:08","slug":"visita-de-estudo-italia-bolonha-e-florenca","status":"publish","type":"post","link":"https:\/\/www.esjoseafonso.com\/wp\/?p=9861","title":{"rendered":"Visita de estudo It\u00e1lia \u2013 Bolonha e Floren\u00e7a"},"content":{"rendered":"\n<p>No ano Letivo 2025\/26 o grupo de Hist\u00f3ria ir\u00e1 realizar a 3.\u00aa viagem internacional com destino It\u00e1lia. O tema da viagem no presente ano letivo \u00e9 \u201cFloren\u00e7a e Bolonha \u2013 a arte e a cultura\u201d.<\/p>\n\n\n\n<p>A viagem realiza-se entre os dias 30 de janeiro e 2 de fevereiro de 2026.<\/p>\n\n\n\n<p>Esta visita de estudo \u00e9 direcionada aos alunos que frequentam o <strong>11.\u00ba e 12.\u00ba Ano de escolaridade <\/strong>independentemente do curso.<\/p>\n\n\n\n<p>Contamos com a participa\u00e7\u00e3o de 44 alunos os quais ter\u00e3o oportunidade de visitar lugares emblem\u00e1ticos do Renascimento italiano.<\/p>\n\n\n\n<p>As professoras que ir\u00e3o acompanhar esta atividade internacional s\u00e3o: Fernanda Diogo, F\u00e1tima Lopes e Manuela Cazeiro.<\/p>\n\n\n\n<div style=\"height:24px\" aria-hidden=\"true\" class=\"wp-block-spacer\"><\/div>\n\n\n\n<figure class=\"wp-block-image size-large\"><a href=\"https:\/\/www.esjoseafonso.com\/wp\/wp-content\/uploads\/2025\/10\/Florenca.jpg\" target=\"_blank\" rel=\"noopener\"><img loading=\"lazy\" width=\"886\" height=\"553\" src=\"https:\/\/www.esjoseafonso.com\/wp\/wp-content\/uploads\/2025\/10\/Florenca.jpg\" alt=\"\" class=\"wp-image-9863\" srcset=\"https:\/\/www.esjoseafonso.com\/wp\/wp-content\/uploads\/2025\/10\/Florenca.jpg 886w, https:\/\/www.esjoseafonso.com\/wp\/wp-content\/uploads\/2025\/10\/Florenca-300x187.jpg 300w, https:\/\/www.esjoseafonso.com\/wp\/wp-content\/uploads\/2025\/10\/Florenca-768x479.jpg 768w, https:\/\/www.esjoseafonso.com\/wp\/wp-content\/uploads\/2025\/10\/Florenca-400x250.jpg 400w\" sizes=\"(max-width: 886px) 100vw, 886px\" \/><\/a><\/figure>\n<div class=\"al2fb_like_button\"><script src=\"http:\/\/connect.facebook.net\/pt_PT\/all.js#xfbml=1\"><\/script><fb:like href=\"https:\/\/www.esjoseafonso.com\/wp\/?p=9861\" layout=\"standard\" show_faces=\"true\" width=\"450\" action=\"like\" font=\"arial\" colorscheme=\"light\" ref=\"AL2FB\"><\/fb:like><\/div>","protected":false},"excerpt":{"rendered":"<p>No ano Letivo 2025\/26 o grupo de Hist\u00f3ria ir\u00e1 realizar a 3.\u00aa viagem internacional com destino It\u00e1lia. O tema da viagem no presente ano letivo \u00e9 \u201cFloren\u00e7a e Bolonha \u2013 a arte e a cultura\u201d. A viagem realiza-se entre os dias 30 de janeiro e 2 de fevereiro de 2026. Esta visita de estudo \u00e9 [&hellip;]<\/p>\n","protected":false},"author":1,"featured_media":0,"comment_status":"closed","ping_status":"closed","sticky":false,"template":"","format":"standard","meta":{"ngg_post_thumbnail":0,"_links_to":"","_links_to_target":""},"categories":[1],"tags":[],"_links":{"self":[{"href":"https:\/\/www.esjoseafonso.com\/wp\/index.php?rest_route=\/wp\/v2\/posts\/9861"}],"collection":[{"href":"https:\/\/www.esjoseafonso.com\/wp\/index.php?rest_route=\/wp\/v2\/posts"}],"about":[{"href":"https:\/\/www.esjoseafonso.com\/wp\/index.php?rest_route=\/wp\/v2\/types\/post"}],"author":[{"embeddable":true,"href":"https:\/\/www.esjoseafonso.com\/wp\/index.php?rest_route=\/wp\/v2\/users\/1"}],"replies":[{"embeddable":true,"href":"https:\/\/www.esjoseafonso.com\/wp\/index.php?rest_route=%2Fwp%2Fv2%2Fcomments&post=9861"}],"version-history":[{"count":2,"href":"https:\/\/www.esjoseafonso.com\/wp\/index.php?rest_route=\/wp\/v2\/posts\/9861\/revisions"}],"predecessor-version":[{"id":9864,"href":"https:\/\/www.esjoseafonso.com\/wp\/index.php?rest_route=\/wp\/v2\/posts\/9861\/revisions\/9864"}],"wp:attachment":[{"href":"https:\/\/www.esjoseafonso.com\/wp\/index.php?rest_route=%2Fwp%2Fv2%2Fmedia&parent=9861"}],"wp:term":[{"taxonomy":"category","embeddable":true,"href":"https:\/\/www.esjoseafonso.com\/wp\/index.php?rest_route=%2Fwp%2Fv2%2Fcategories&post=9861"},{"taxonomy":"post_tag","embeddable":true,"href":"https:\/\/www.esjoseafonso.com\/wp\/index.php?rest_route=%2Fwp%2Fv2%2Ftags&post=9861"}],"curies":[{"name":"wp","href":"https:\/\/api.w.org\/{rel}","templated":true}]}}